{"id":5884,"date":"2009-01-10T09:05:48","date_gmt":"2009-01-10T09:05:48","guid":{"rendered":"http:\/\/www.tulipphoto.pro\/journaal\/2009\/01\/10\/maria-alm-op-het-ijs-bij-vincent-en-brenda-en-in-de-volendamse-haven\/"},"modified":"2014-02-21T12:06:48","modified_gmt":"2014-02-21T12:06:48","slug":"maria-alm-op-het-ijs-bij-vincent-en-brenda-en-in-de-volendamse-haven","status":"publish","type":"post","link":"http:\/\/www.tulipphoto.pro\/journaal\/2009\/01\/10\/maria-alm-op-het-ijs-bij-vincent-en-brenda-en-in-de-volendamse-haven\/","title":{"rendered":"Maria Alm, Op het IJs bij Vincent en Brenda en  in de Volendamse haven"},"content":{"rendered":"<p><font size=\"4\"><em><u>Onder: In Maria Alm poseerden wij vorge week samen met enkele van onze vrienden,\u00a0vlnr Gina en Jack, Karin en\u00a0Henk, Mary en Jan. Dit is op Nieuwjaarsdag, de enige dag dat\u00a0het sneeuwde en als het sneeuwt\u00a0skie\u00ebn de Tuijpjens\u00a0niet..\u00a0<\/u><\/em><\/font><\/p>\n<p><img loading=\"lazy\" decoding=\"async\" height=\"600\" alt=\"\" width=\"900\" border=\"3\" src=\"http:\/\/www.tulipphoto.pro\/journaal\/wp-content\/uploads\/2009\/01\/MViewUID212PID-1MAPID17TImageFJan_Mary_Jack_Gina_Carin_en_Henk.jpg\" \/><\/p>\n<p><font size=\"4\"><em><u>Onder: Onze oudste zoon Sander hier trots met twee van zijn zoons, de tweeling Jan en Kees, nadat we op de laatste dag de rode pistes een aantal keren van boven naar het dal met ze skieden.<\/u><\/em><\/font><\/p>\n<p><img loading=\"lazy\" decoding=\"async\" height=\"600\" alt=\"\" width=\"900\" border=\"3\" src=\"http:\/\/www.tulipphoto.pro\/journaal\/wp-content\/uploads\/2009\/01\/MViewUID212PID-1MAPID17TImageFSander_Jan_en_Kees_op_skies.jpg\" \/><\/p>\n<p><font size=\"4\">Vandaag was een beetje vreemde dag, ik had mezelf voorgenomen, en ook mijn vrouw beloofd niet te zullen gaan vliegen, om hier en daar nog wat puntjes op de i te kunnen zetten qua voorbereiding en papierwerk betreffende onze wereldreis morgen &#8211; zondag &#8211; Toen ik voor de zekerheid met mijn camera de dijk op liep &#8211; te laat om nog naar Lelystad af te reizen &#8211; kon ik me wel voor m&#8217;n kop slaan. Wat een uitgelezen en zeldzame omstandigheden voor het maken van unieke luchtfoto&#8217;s. Onvoorstelbaar, dit had ik in mijn stoutste dromen niet voorzien. Alle ijsbanen in onze omgeving, het IJsselmeer, de Volendamse haven bezaaid met schaatsers onder een knallende zon. Deze\u00a0samenloop van omstandigheden: &#8211;\u00a0weekend\/zelf vrij\/eigen vliegtuig in hangaar\/ nieuwe topcamera\/mooi weer\/heel Nederland op het ijs &#8211; \u00a0doet zich zeer zeldzaam voor. En ik bleef maar bij de haven, en ging maar niet naar Lelystad. Nou ja zei Mary: &#8220;een mens kan niet alles hebben Jan&#8221;, en gelijk heeft ze!\u00a0<\/font><\/p>\n<p><font size=\"4\"><em><u>Onder: Het was een drukte van jewelste op de Voledamse Haven, van waaruit men over het IJsselmeer naar Monnickendam en naar Marken schaatste; ik stond daar toch\u00a0wel van te kijken want twee dagen geleden toen ik er overheen vloog was daar nog een groot deel NIET van bevroren. &#8211; een van de eerste foto&#8217;s met m&#8217;n nieuwe camera &#8211;<\/u><\/em><\/font><\/p>\n<p><img loading=\"lazy\" decoding=\"async\" height=\"504\" alt=\"\" width=\"900\" border=\"3\" src=\"http:\/\/www.tulipphoto.pro\/journaal\/wp-content\/uploads\/2009\/01\/MViewUID212PID-1MAPID17TImageFIjspret_op_haven.jpg\" \/><\/p>\n<p><font size=\"4\"><em><u>Ik zag tussen Volendam en Marken een aantal waaghalzen de route verkennen, stap voor stap, voetje voor voetje schoven zij over het nog niet betreden traject v\u00f3\u00f3r hen. Ook \u00edn de haven zag ik iemand dat voorzichtig uitproberen. Op\u00a0het nog onbetreden deel probeerde deze dame ook steeds voetje voor voetje\u00a0een nieuw pad af te bakenen. Ik heb hier de hele dag geen ambulances gehoord dus moet het allemaal goed afgelopen zijn.<\/u><\/em><\/font><\/p>\n<p><img loading=\"lazy\" decoding=\"async\" height=\"561\" alt=\"\" width=\"900\" border=\"3\" src=\"http:\/\/www.tulipphoto.pro\/journaal\/wp-content\/uploads\/2009\/01\/MViewUID212PID-1MAPID17TImageFKinderwagen_op_het_ijs.jpg\" \/><\/p>\n<p><font size=\"4\"><em><u>Vanmorgen reden we ook\u00a0naar Vincent en Brenda, want die waren aan het schaatsen met Sophie en Thijs.Thijs had het al heel snel koud en zocht de warmte bij zijn moeder Brenda\u00a0en Sophie had ook in het schaatsen nog weinig trek<\/u><\/em><\/font><\/p>\n<p><img loading=\"lazy\" decoding=\"async\" height=\"600\" alt=\"\" width=\"900\" border=\"3\" src=\"http:\/\/www.tulipphoto.pro\/journaal\/wp-content\/uploads\/2009\/01\/MViewUID212PID-1MAPID17TImageFBrenda_en_Thijs_op_het_ijs.jpg\" \/>\u00a0<\/p>\n<p><font size=\"4\"><em><u>Onder: Een patstelling: Wat ik hier ook probeer, Sophie is met geen mogelijkheid meer aan het schaatsen\u00a0te krijgen en Thijs roept om zijn moeder! Het kan verkeren! &#8211; de schaduw is van zoon Vincent die de foto maakt &#8211;<\/u><\/em><\/font><\/p>\n<p><img loading=\"lazy\" decoding=\"async\" height=\"600\" alt=\"\" width=\"900\" border=\"3\" src=\"http:\/\/www.tulipphoto.pro\/journaal\/wp-content\/uploads\/2009\/01\/MViewUID212PID-1MAPID17TImageFJan_met_Sophie_en_Thijs.jpg\" \/><\/p>\n<p><em><u><font size=\"4\">Onder: Zoon Vincent en zijn vrouw Brenda liepen er ondanks de kou toch modieus bij, een koel stel dus.<\/font><\/u><\/em><\/p>\n<p><img loading=\"lazy\" decoding=\"async\" height=\"600\" alt=\"\" width=\"900\" border=\"3\" src=\"http:\/\/www.tulipphoto.pro\/journaal\/wp-content\/uploads\/2009\/01\/MViewUID212PID-1MAPID17TImageFVincent_en_Brenda_op_ijs.jpg\" \/><\/p>\n<p><em><u><font size=\"4\">Onder: Morgenmiddag start onze werelreis. In de ochtend komen\u00a0eerst onze kinderen en kleinkinderen nog afscheid van ons nemen, maar rond het middaguur zijn we op weg, de wijde wereld in. Het eerste traject voert van Amsterdam &#8211; Londen &#8211; Dubai over 5870 kilometer.<\/font><\/u><\/em><\/p>\n<p><img loading=\"lazy\" decoding=\"async\" height=\"664\" alt=\"\" width=\"900\" border=\"3\" src=\"http:\/\/www.tulipphoto.pro\/journaal\/wp-content\/uploads\/2009\/01\/MViewUID212PID-1MAPID17TImageFAmsterdam_-_Londen_-_Dubai_5870_km.jpg\" \/><\/p>\n<p>\u00a0<\/p>\n<p>\u00a0<\/p>\n<p>\u00a0<\/p>\n<p><font size=\"4\"><\/font><\/p>\n","protected":false},"excerpt":{"rendered":"<p>Onder: In Maria Alm poseerden wij vorge week samen met enkele van onze vrienden,\u00a0vlnr Gina en Jack, Karin en\u00a0Henk, Mary en Jan. Dit is op Nieuwjaarsdag, de enige dag dat\u00a0het sneeuwde en als het sneeuwt\u00a0skie\u00ebn de Tuijpjens\u00a0niet..\u00a0 Onder: Onze oudste zoon Sander hier trots met twee van zijn zoons, de tweeling Jan en Kees, nadat [&hellip;]<\/p>\n","protected":false},"author":1,"featured_media":0,"comment_status":"open","ping_status":"open","sticky":false,"template":"","format":"standard","meta":{"footnotes":""},"categories":[2],"tags":[],"class_list":["post-5884","post","type-post","status-publish","format-standard","hentry","category-journaal"],"_links":{"self":[{"href":"http:\/\/www.tulipphoto.pro\/journaal\/wp-json\/wp\/v2\/posts\/5884","targetHints":{"allow":["GET"]}}],"collection":[{"href":"http:\/\/www.tulipphoto.pro\/journaal\/wp-json\/wp\/v2\/posts"}],"about":[{"href":"http:\/\/www.tulipphoto.pro\/journaal\/wp-json\/wp\/v2\/types\/post"}],"author":[{"embeddable":true,"href":"http:\/\/www.tulipphoto.pro\/journaal\/wp-json\/wp\/v2\/users\/1"}],"replies":[{"embeddable":true,"href":"http:\/\/www.tulipphoto.pro\/journaal\/wp-json\/wp\/v2\/comments?post=5884"}],"version-history":[{"count":1,"href":"http:\/\/www.tulipphoto.pro\/journaal\/wp-json\/wp\/v2\/posts\/5884\/revisions"}],"predecessor-version":[{"id":14001,"href":"http:\/\/www.tulipphoto.pro\/journaal\/wp-json\/wp\/v2\/posts\/5884\/revisions\/14001"}],"wp:attachment":[{"href":"http:\/\/www.tulipphoto.pro\/journaal\/wp-json\/wp\/v2\/media?parent=5884"}],"wp:term":[{"taxonomy":"category","embeddable":true,"href":"http:\/\/www.tulipphoto.pro\/journaal\/wp-json\/wp\/v2\/categories?post=5884"},{"taxonomy":"post_tag","embeddable":true,"href":"http:\/\/www.tulipphoto.pro\/journaal\/wp-json\/wp\/v2\/tags?post=5884"}],"curies":[{"name":"wp","href":"https:\/\/api.w.org\/{rel}","templated":true}]}}