{"id":5892,"date":"2008-12-16T17:17:09","date_gmt":"2008-12-16T17:17:09","guid":{"rendered":"http:\/\/www.tulipphoto.pro\/journaal\/2008\/12\/16\/oe-en-aa\/"},"modified":"2014-02-21T12:07:23","modified_gmt":"2014-02-21T12:07:23","slug":"oe-en-aa","status":"publish","type":"post","link":"http:\/\/www.tulipphoto.pro\/journaal\/2008\/12\/16\/oe-en-aa\/","title":{"rendered":"Oe en Aa"},"content":{"rendered":"<p><font size=\"4\">Van vliegen komt deze mistige dagen niet veel. De vogels zitten hier zelfs ook werkeloos op de dakrand met elkaar te vergaderen. Wel jammer, maar&#8230; het komt ons niet helemaal slecht uit, want\u00a0we zijn hier nu echt heel druk bezig met\u00a0alle voorbereidingen voor onze\u00a0komende reizen.\u00a0Mary\u00a0met het sorteren en pakken voor de wintersportvakantie en ik\u00a0met de\u00a0itinerary\u00a0(reisschema) voor onze\u00a0komende wereldreis.\u00a0Het is een heel gedoe met al die vliegtijden en tijdszones waar we doorheen gaan. Ik besefte me net dat we in Nieuw Zeeland\u00a012 uur later leven dan hier, maar, &#8211; omdat we steeds in \u00e9\u00e9n richting reizen &#8211; door de tijdsgrens heenvliegend van Fiji richting Los Angeles ineens weer 12 uur vroeger; dat betekent dat we die ene dag\u00a0volledig twee keer beleven. Toch wel uniek allemaal.\u00a0<\/font><\/p>\n<p><font size=\"4\"><em><u>In de Alpen hebben de weergoden hun werk voor ons al gedaan. Er ligt al ruim voldoende sneeuw om fijn te kunnen skieen. Om alvast in de sfeer te komen\u00a0echte Hollands sfeerplaatjes\u00a0die ik maakte op 2 mrt 2005 notabene in Volendam, deze hieronder op het &#8220;Doolhof&#8221;. Jammer genoeg is door de noodzakelijke kleurcompressie voor internettoepassing de doortekening in de witte sneeuwvlakken verdwenen; maar het pittoreske sfeertje lijdt daar niet onder<\/u><\/em><\/font><\/p>\n<p><font size=\"4\"><img loading=\"lazy\" decoding=\"async\" height=\"600\" alt=\"\" width=\"900\" border=\"3\" src=\"http:\/\/www.tulipphoto.pro\/journaal\/wp-content\/uploads\/2008\/12\/MViewUID212PID-1MAPID17TImageFDoolhof_mrt_2005.jpg\" \/>\u00a0<\/font><\/p>\n<p><font size=\"4\"><em><u>Onder: Ook in de haven van Volendam regeerde op die 2de maart in 2005 Koning Winter.\u00a0De besneeuwde VD 94 van Louw Jits bijgenaamd &#8220;De Spijker&#8221;, en\u00a0zijn broer.\u00a0Ze visten\u00a0hiermee op het IJsselmeer;\u00a0\u00a0met deze botter ben ik zomers tijdens die visserij vaak meegevaren.<\/u><\/em> <\/font>\u00a0<\/p>\n<p><font size=\"4\"><img loading=\"lazy\" decoding=\"async\" height=\"600\" alt=\"\" width=\"900\" border=\"3\" src=\"http:\/\/www.tulipphoto.pro\/journaal\/wp-content\/uploads\/2008\/12\/MViewUID212PID-1MAPID17TImageFVD_94_in_de_sneeuw.jpg\" \/>\u00a0\u00a0<\/font>\u00a0<\/p>\n<p><em><u><font size=\"4\">Onder: In 1979 tijdens de opnames voor de TV special van de CD Summer Fantasy. We zijn hier in scheveningen voor de opnames van het lied Summernights; zelf ben ik even uit de set gelopen voor het maken van deze foto. Regisseur\u00a0 Laurens van Leeuwenberg begon zich aan mijn fotografie\u00a0te storen en liet mij dit steeds meer merken. In Schotland, een jaar later, zoals ik reeds eerder in dit journaal meldde; heb ik hem\u00a0daar &#8220;van af geholpen&#8221;.<\/font><\/u><\/em><\/p>\n<p><img loading=\"lazy\" decoding=\"async\" height=\"596\" alt=\"\" width=\"900\" border=\"3\" src=\"http:\/\/www.tulipphoto.pro\/journaal\/wp-content\/uploads\/2008\/12\/MViewUID212PID-1MAPID17TImageFBand_met_Summernights.jpg\" \/><\/p>\n<p><img decoding=\"async\" height=\"\"596\"\" alt=\"\"\"\" width=\"\"900\"\" border=\"\"3\"\" met=\"\" src=\"\" \/><em><u><font size=\"4\">Onder: Een close up die ik maakte van Jan Keizer en Annie Schilder\u00a0in 1979 tijdens de\u00a0opnames in Scheveningen voor &#8220;Summernights. Dit herrinnert me er aan dat Jan Keizer\u00a0er steeds over viel\u00a0dat Annie tijdens het playbacken voor TV opnames\u00a0te weinig \u00e9cht m\u00e9\u00e9 zong.\u00a0Volgens Jan bewoog ze voor de camera\u00a0slechts haar mond\u00a0in een ronde\u00a0oe en aa houding om er zodoende\u00a0mooi uit te blijven zien.\u00a0Jan\u00a0zong zelf keihard\u00a0fysiek mee, dan zag je welliswaar zijn aangespannen nekspieren en zijn verwrongen gelaatsuitdrukking, maar het zag er dan w\u00e9l \u00e9chter uit vond hij.\u00a0 Annie beschouwde\u00a0dit als muggenzifterij en had\u00a0verder schijt aan\u00a0Jan; ze bleef het op haar eigen manier doen. Ik verdenk overigens Jan Keizer\u00a0op onderstaande foto \u00f3\u00f3k van een rond aa &#8211; tje\u00a0\u00a0<\/font><\/u><\/em><\/p>\n<p><img loading=\"lazy\" decoding=\"async\" height=\"585\" alt=\"\" width=\"900\" border=\"3\" src=\"http:\/\/www.tulipphoto.pro\/journaal\/wp-content\/uploads\/2008\/12\/MViewUID212PID-1MAPID17TImageFBZN_Jan_en_Annie_in_1979_Summernights_in_Scheveningen.jpg\" \/><\/p>\n","protected":false},"excerpt":{"rendered":"<p>Van vliegen komt deze mistige dagen niet veel. De vogels zitten hier zelfs ook werkeloos op de dakrand met elkaar te vergaderen. Wel jammer, maar&#8230; het komt ons niet helemaal slecht uit, want\u00a0we zijn hier nu echt heel druk bezig met\u00a0alle voorbereidingen voor onze\u00a0komende reizen.\u00a0Mary\u00a0met het sorteren en pakken voor de wintersportvakantie en ik\u00a0met de\u00a0itinerary\u00a0(reisschema) [&hellip;]<\/p>\n","protected":false},"author":1,"featured_media":0,"comment_status":"open","ping_status":"open","sticky":false,"template":"","format":"standard","meta":{"footnotes":""},"categories":[2],"tags":[],"class_list":["post-5892","post","type-post","status-publish","format-standard","hentry","category-journaal"],"_links":{"self":[{"href":"http:\/\/www.tulipphoto.pro\/journaal\/wp-json\/wp\/v2\/posts\/5892","targetHints":{"allow":["GET"]}}],"collection":[{"href":"http:\/\/www.tulipphoto.pro\/journaal\/wp-json\/wp\/v2\/posts"}],"about":[{"href":"http:\/\/www.tulipphoto.pro\/journaal\/wp-json\/wp\/v2\/types\/post"}],"author":[{"embeddable":true,"href":"http:\/\/www.tulipphoto.pro\/journaal\/wp-json\/wp\/v2\/users\/1"}],"replies":[{"embeddable":true,"href":"http:\/\/www.tulipphoto.pro\/journaal\/wp-json\/wp\/v2\/comments?post=5892"}],"version-history":[{"count":1,"href":"http:\/\/www.tulipphoto.pro\/journaal\/wp-json\/wp\/v2\/posts\/5892\/revisions"}],"predecessor-version":[{"id":14039,"href":"http:\/\/www.tulipphoto.pro\/journaal\/wp-json\/wp\/v2\/posts\/5892\/revisions\/14039"}],"wp:attachment":[{"href":"http:\/\/www.tulipphoto.pro\/journaal\/wp-json\/wp\/v2\/media?parent=5892"}],"wp:term":[{"taxonomy":"category","embeddable":true,"href":"http:\/\/www.tulipphoto.pro\/journaal\/wp-json\/wp\/v2\/categories?post=5892"},{"taxonomy":"post_tag","embeddable":true,"href":"http:\/\/www.tulipphoto.pro\/journaal\/wp-json\/wp\/v2\/tags?post=5892"}],"curies":[{"name":"wp","href":"https:\/\/api.w.org\/{rel}","templated":true}]}}