{"id":5894,"date":"2008-12-11T15:03:42","date_gmt":"2008-12-11T15:03:42","guid":{"rendered":"http:\/\/www.tulipphoto.pro\/journaal\/2008\/12\/11\/de-wereld-rond-en-het-familie-en-bzn-archief\/"},"modified":"2014-02-21T12:07:33","modified_gmt":"2014-02-21T12:07:33","slug":"de-wereld-rond-en-het-familie-en-bzn-archief","status":"publish","type":"post","link":"http:\/\/www.tulipphoto.pro\/journaal\/2008\/12\/11\/de-wereld-rond-en-het-familie-en-bzn-archief\/","title":{"rendered":"De wereld Rond, en het familie en BZN archief"},"content":{"rendered":"<p><font size=\"4\"><strong><u>&#8220;De Wereld Rond&#8221; &#8211; Jan &#8211; Feb &#8211; Mrt &#8211;\u00a0 2009<\/u><\/strong><\/font><\/p>\n<p><font size=\"4\">Ter voorbereiding op onze aanstaande wereldreis heb ik een dossier gemaakt met\u00a0routekaarten,\u00a0adressen en allerlei andere nuttige\u00a0gegevens voor onderweg. Uit dit dossier komt onderstaande collage. Hierop is\u00a0in \u00e9\u00e9n oogopslag te zien w\u00e1\u00e1r, en hoe ver we ons ten opzichte van de evenaar bevinden; want die blijft horizontaal in het midden. Tijdens de lange trip gaan we door vele\u00a0klimaat,- \u00a0en \u00e1lle tijdzones op aarde. Binnenlandse vluchten zijn in dit schema niet aangegeven. De route\u00a0op foto nr 4 vliegen we niet direct achter elkaar; op de\u00a0Fiji Islands blijven\u00a0we 2 weken.\u00a0Ik ben van plan\u00a0uitgebreid verslag te doen van ons reisavontuur op dit journaal. Foto 5 heeft mij zelfs als vliegenier enigszins verbaasd; ondanks dat ik dat traject\u00a0al vaker vloog, had ik me nooit gerealiseerd dat je van Los Angeles naar Amsterdam zo&#8217;n noordelijke route volgt. Als het ware bijna over de noordpool.\u00a0Verder is in deze fotoserie\u00a0te zien dat we de aarde in \u00e9\u00e9n richting helemaal rond vliegen. In Dubai, Honkong, Nieuw Zeeland, Fiji Eilanden en in Las Vegas zullen we voor\u00a0kortere of langere tijd verblijven en uitgebreid rondreizen.\u00a0Binnenkort meer over onze : <em>&#8220;De Wereld Rond&#8221;<\/em> reis. De gehele hoofdroute zal in 6 &#8220;vluchtsessies&#8221; &#8211; zie hieronder- worden afgelegd.<\/font><\/p>\n<p><font size=\"4\"><font size=\"5\"><strong>A. <\/strong><\/font>Amsterdam &#8211;\u00a0Londen &#8211; Dubai\u00a0(foto 1) &#8212;<\/font><font size=\"5\"><strong>B<\/strong><strong>. <\/strong><\/font><font size=\"4\">Dubai &#8211; Honkong (foto 2) &#8212;&#8212;\u00a0<\/font><font size=\"5\"><strong>C. <\/strong><\/font><font size=\"4\">Honkong &#8211; Auckland (Nieuw Zeeland)\u00a0(foto 3) &#8212;<\/font><\/p>\n<p><font size=\"4\"><strong><font size=\"5\">D. <\/font><\/strong>Auckland (NZ) &#8211; Fiji Islands (foto 4) &#8212;&#8212; <strong><font size=\"5\">E. <\/font><\/strong>Fiji Islands &#8211; Los Angeles &#8211; Las Vegas (foto 4) &#8212;&#8212;<\/font><\/p>\n<p><font size=\"4\"><strong><font size=\"5\">F.\u00a0<\/font><\/strong>Las Vegas &#8211; Los Angeles &#8211;\u00a0Londen &#8211; Amsterdam (foto 5) &#8212;-<\/font><font size=\"4\">\u00a0\u00a0<\/font><\/p>\n<p><font size=\"4\"><img loading=\"lazy\" decoding=\"async\" height=\"1165\" alt=\"\" width=\"900\" border=\"3\" src=\"http:\/\/www.tulipphoto.pro\/journaal\/wp-content\/uploads\/2008\/12\/MViewUID212PID-1MAPID17TImageFRoute_wereldreis_in_serie_van_5_wijd_rechtop_staand_int2.jpg\" \/><\/font><\/p>\n<p><font size=\"4\"><\/font><\/p>\n<p><font size=\"4\">Afgelopen dinsdag was onze middelste zoon Vincent jarig; hij werd alweer 33 jaar. Uiteraard was de hele familie\u00a0er op visite, het was gezellig in de knusse woning van Brenda en Vincent. Op zulke dagen denk ik altijd met een beetje weemoed aan die tijd van vroeger, toen\u00a0ons gezin nog\u00a0in \u00e9\u00e9n ouderlijke woning bij elkaar was. Als de kinderen de deur uit gaan houdt\u00a0eigenlijk je gezin op te bestaan; het is gek je dat te realiseren. Daarom is het leuk om\u00a0de sfeer van die mooie en voorbije tijd weer eens op te snuiven, en in de\u00a0familiealbums te duiken. \u00a0In de prille jeugdjaren van onze kinderen maakt ik alleen dia&#8217;s, die niet in de fotoboeken van de kids, of in onze eigen albums geplakt werden, en die we\u00a0de laatste jaren niet meer gezien hebben. Wie draait er nou nog dia&#8217;s?\u00a0Daarom ben ik begonnen om ze te digitaliseren; we kunnen ze dan digitaal via een\u00a0diapresentatie in High Definition kwaliteit\u00a0op\u00a0ons grote TV scherm zien. Wat een sensatie is dit.\u00a0Daarom af en toe op dit journaal ook eens een fotootje uit ons familiearchief <\/font><\/p>\n<p><font size=\"4\"><em><u>Onder: Een foto uit 1980; hier zit ik met vlnr: Kees (1) ons\u00a0neefje &#8211; nu doctor- \u00a0Jasper Springer (0), \u00a0Sander (9) en Vincent (5).Het litteken op het\u00a0voorhoofd van Sander had ie een\u00a0tijdje daarvoor opgelopen door 1,5 mtr\u00a0v\u00f3\u00f3r de voordeur\u00a0te strompelen. Hij kwam hierdoor met een klap op de scherpe voorrand van de voordeurstoep\u00a0terecht. Een waar bloedbad! Ik moest toen\u00a0juist met BZN weg voor een optreden, zoadat\u00a0mijn vrouw Mary letterlijk en figuurlijk met de brokken zat.\u00a0In dit soort panieksituaties werd\u00a0ze echter altijd rustig, ook nu loste ze het weer goed op. Er kwamen wel heel wat hechtingen\u00a0aan te pas.\u00a0<\/u><\/em><\/font><\/p>\n<p><img loading=\"lazy\" decoding=\"async\" height=\"649\" alt=\"\" width=\"900\" border=\"3\" src=\"http:\/\/www.tulipphoto.pro\/journaal\/wp-content\/uploads\/2008\/12\/MViewUID212PID-1MAPID17TImageFJan_met_kids_en_Jasper.jpg\" \/><\/p>\n<p><font size=\"4\"><em><u>Onder: In 1979 maakten we een TV special in Nederland. Hier waren we voor de opnames van \u00a0&#8220;Drink the Wine&#8221; op het Jan Pieters zn\u00a0Coen plein in Hoorn.\u00a0In die tijd hadden we ook het idee opgevat\u00a0live op te gaan treden\u00a0in witte pakken. Voor de afwisseling hadden we die witte kleding hier ook\u00a0eens\u00a0aangetrokken.Let eens op manager Jacques Hetsen, links met zonnebril,\u00a0die &#8211; zo valt mij op &#8211; bijna op alle lokaties als een waakhond\u00a0in onze directe omgeving te vinden\u00a0is. \u00a0<\/u><\/em><\/font><\/p>\n<p><img loading=\"lazy\" decoding=\"async\" height=\"658\" alt=\"\" width=\"900\" border=\"3\" src=\"http:\/\/www.tulipphoto.pro\/journaal\/wp-content\/uploads\/2008\/12\/MViewUID212PID-1MAPID17TImageFBZN_Drink_the_wine_in_Hoorn_1979.jpg\" \/><\/p>\n<p><font size=\"4\"><em><u>Onder: Door alle oude BZN foto&#8217;s die ik de laatste tijd geplaatst heb, kwamen Carola, Dirk vd Horst\u00a0en John Meijer \u00a0weinig aan bod, en zou\u00a0ik bijna vergeten\u00a0 &#8211; zonder iemand tekort te willen doen &#8211; dat ik\u00a0de langste en mooiste BZN tijd de laatste 20 \u00e1 25 jaren beleefd heb , m\u00e9t Carola, m\u00e9t Dirk van der Horst en later met John Meijer erbij. Daarom hier een foto die ik van Carola maakte\u00a0in 2002\u00a0<\/u><\/em><\/font><font size=\"4\"><em><u>in Mexico; nu eens een Carola\u00a0m\u00e9t bril. Wat is ze fotogeniek!<\/u><\/em><\/font><\/p>\n<p><font size=\"4\"><em><u><img loading=\"lazy\" decoding=\"async\" height=\"800\" alt=\"\" width=\"600\" border=\"3\" src=\"http:\/\/www.tulipphoto.pro\/journaal\/wp-content\/uploads\/2008\/12\/MViewUID212PID-1MAPID17TImageFCarola_met_bril_lach_close_int.jpg\" \/>\u00a0 <\/u><\/em><\/font><\/p>\n","protected":false},"excerpt":{"rendered":"<p>&#8220;De Wereld Rond&#8221; &#8211; Jan &#8211; Feb &#8211; Mrt &#8211;\u00a0 2009 Ter voorbereiding op onze aanstaande wereldreis heb ik een dossier gemaakt met\u00a0routekaarten,\u00a0adressen en allerlei andere nuttige\u00a0gegevens voor onderweg. Uit dit dossier komt onderstaande collage. Hierop is\u00a0in \u00e9\u00e9n oogopslag te zien w\u00e1\u00e1r, en hoe ver we ons ten opzichte van de evenaar bevinden; want die [&hellip;]<\/p>\n","protected":false},"author":1,"featured_media":0,"comment_status":"open","ping_status":"open","sticky":false,"template":"","format":"standard","meta":{"footnotes":""},"categories":[2],"tags":[],"class_list":["post-5894","post","type-post","status-publish","format-standard","hentry","category-journaal"],"_links":{"self":[{"href":"http:\/\/www.tulipphoto.pro\/journaal\/wp-json\/wp\/v2\/posts\/5894","targetHints":{"allow":["GET"]}}],"collection":[{"href":"http:\/\/www.tulipphoto.pro\/journaal\/wp-json\/wp\/v2\/posts"}],"about":[{"href":"http:\/\/www.tulipphoto.pro\/journaal\/wp-json\/wp\/v2\/types\/post"}],"author":[{"embeddable":true,"href":"http:\/\/www.tulipphoto.pro\/journaal\/wp-json\/wp\/v2\/users\/1"}],"replies":[{"embeddable":true,"href":"http:\/\/www.tulipphoto.pro\/journaal\/wp-json\/wp\/v2\/comments?post=5894"}],"version-history":[{"count":1,"href":"http:\/\/www.tulipphoto.pro\/journaal\/wp-json\/wp\/v2\/posts\/5894\/revisions"}],"predecessor-version":[{"id":14048,"href":"http:\/\/www.tulipphoto.pro\/journaal\/wp-json\/wp\/v2\/posts\/5894\/revisions\/14048"}],"wp:attachment":[{"href":"http:\/\/www.tulipphoto.pro\/journaal\/wp-json\/wp\/v2\/media?parent=5894"}],"wp:term":[{"taxonomy":"category","embeddable":true,"href":"http:\/\/www.tulipphoto.pro\/journaal\/wp-json\/wp\/v2\/categories?post=5894"},{"taxonomy":"post_tag","embeddable":true,"href":"http:\/\/www.tulipphoto.pro\/journaal\/wp-json\/wp\/v2\/tags?post=5894"}],"curies":[{"name":"wp","href":"https:\/\/api.w.org\/{rel}","templated":true}]}}