{"id":5902,"date":"2008-11-23T09:17:39","date_gmt":"2008-11-23T09:17:39","guid":{"rendered":"http:\/\/www.tulipphoto.pro\/journaal\/2008\/11\/23\/andre-rieu-en-bzn\/"},"modified":"2014-02-21T12:08:13","modified_gmt":"2014-02-21T12:08:13","slug":"andre-rieu-en-bzn","status":"publish","type":"post","link":"http:\/\/www.tulipphoto.pro\/journaal\/2008\/11\/23\/andre-rieu-en-bzn\/","title":{"rendered":"Andre Rieu en BZN"},"content":{"rendered":"<p><font size=\"4\"><img loading=\"lazy\" decoding=\"async\" height=\"151\" alt=\"\" hspace=\"10\" width=\"150\" align=\"left\" vspace=\"10\" border=\"3\" src=\"http:\/\/www.tulipphoto.pro\/journaal\/wp-content\/uploads\/2008\/11\/MViewUID212PID-1MAPID17TImageFFaya_Schilder2.jpg\" \/>Onze nicht Anna &#8211; dochter van mijn broer Cor\u00a0 &#8211; is gisteren op de verjaardag van mijn vader bevallen van een dochter. Ze heet Faya en lijkt volgens mijn &#8211; \u00a0&#8220;tegels, keukens en badkamer&#8221; &#8211;\u00a0broer op haar Opa maar dan met krullen. Gefeliciteerd Anna en Niels!<\/font><\/p>\n<p><font size=\"4\">Behalve\u00a0naar Pauw &#038; Witteman, Discovery HD en\u00a0NGC HD kijk ik eigenlijk\u00a0nooit naar de TV, maar vrijdagavond ben ik er toch maar eens voor gaan zitten.\u00a0Andr\u00e9 Rieu verovert Australie!\u00a0Omdat ik er als trotse Nederlander niets van wilde missen nam ik ook het reclameblokje v\u00f3\u00f3r de uitzending voor de zekerheid mee. Het contrast had niet groter kunnen zijn; eerst een spotje voor snel internetten, met volkszanger Fonsie,\u00a0&#8220;die net terug is van z&#8217;n poliep&#8221;\u00a0(hoe bedenkt iemand deze humor) en met zijn\u00a0playback <img loading=\"lazy\" decoding=\"async\" height=\"268\" alt=\"\" hspace=\"10\" width=\"480\" align=\"left\" vspace=\"10\" border=\"3\" src=\"http:\/\/www.tulipphoto.pro\/journaal\/wp-content\/uploads\/2008\/11\/MViewUID212PID-1MAPID17TImageFrieu08.jpg\" \/>tape&#8221;: &#8220;viva viva casablanca&#8221; voor een paar armenzwaaiende\u00a0bezopen feestvierders\u00a0meelalt,\u00a0en daarna\u00a0de Limburgse violist Andre Rieu\u00a0die met zijn internationaal gezelschap topartiesten\u00a0voor 30.000 uitzinnige fans in het Telstra Dome Stadium in &#8220;Down Under&#8221; live weer een nieuw werelddeel\u00a0verovert.\u00a0 <\/font><\/p>\n<p><font size=\"4\">De amateuristische lulligheid\u00a0en de laffe playback-nep van de Hollandse Piratenfestivals tegenover de absolute\u00a0top op het gebied van\u00a0totale live performance, muzikale professionaliteit, zakelijke durf, artisticiteit en\u00a0organisatie!\u00a0Gewoon \u00e9chte wereldklasse in, wat in veel internetkranten worldwide al genoemd wordt, &#8220;The Biggest Show on Earth&#8221;. Hier kan elke performer van dromen, zo&#8217;n gelikt\u00a0repertoire dat als een puzzeltje in elkaar viel. Om maar eens wat te noemen, de &#8220;Bolero van Ravel&#8221;,\u00a0een makkelijk lijkend, maar uiterst geraffineerd en gecompliceerd muziekwerk in een buitengewoon virtuoze uitvoering; ik was er van in vervoering, en heb er\u00a0bij de buis voor zitten applaudisseren; en dan het Australische volksliedje dat door de Nederllands-Australische zangeres op een adembenemende manier werd gezongen; daar moest ik echt een traantje bij wegpinken, met zoveel emotie\u00a0heb ik bijna nog nooit iemand live horen zingen! Wat een niveau;\u00a0een show van\u00a0een dergelijke magnitude en productionele allure, is zeker in combinatie met het artistieke en\u00a0uitvoerende <img loading=\"lazy\" decoding=\"async\" height=\"267\" alt=\"\" hspace=\"10\" width=\"480\" align=\"left\" vspace=\"10\" border=\"3\" src=\"http:\/\/www.tulipphoto.pro\/journaal\/wp-content\/uploads\/2008\/11\/MViewUID212PID-1MAPID17TImageFrieu02.jpg\" \/>niveau\u00a0wellicht nog\u00a0nooit eerder\u00a0op de wereld vertoond. En dat flikt &#8216;m dan even een limburgse violist met zijn zoon. Chapeau! Ik ken Andr\u00e9 oppervlakkig persoonlijk van de paar keer\u00a0dat hij naast mij zat tijdens\u00a0priv\u00e9 vluchten die ik voor hem uitvoerde, en van een paar TV optredens die we met BZN samen hadden, Het is een uiterst ambitieus maar ook een tikje arrogant\u00a0persoon.\u00a0Ik zal hem dat laatste nooit meer kwalijk nemen na wat ik gisteravond op TV zag. Als je\u00a0de wereld zo iets moois kan schenken, ben je \u00e9\u00e9n der hele groten op deze aarde. Ik denk dat Andre Rieu bezig is n\u00e1 Johan Cruijff niet alleen de bekendste\u00a0Nederlander, maar\u00a0ook de grootste goodwill ambassadeur aller tijden van ons land te worden. Ik hoop dat de registratie van dit concert snel in HD kwaliteit op BLU RAY zal verschijnen, dan ben ik een van de eerste kopers.\u00a0<\/font>\u00a0<\/p>\n<p>\u00a0<\/p>\n<p><font size=\"4\"><strong><u>OUDE BZN FOTO&#8217;s<\/u><\/strong><\/font><\/p>\n<p><u><font size=\"4\"><em>Onder: In juni 1979 in de kelder van Hotel Spaander\u00a0tijdens de opnames van het lied &#8220;Marchin On&#8221; voor de TV special van de CD Summer Fantasy. Helemaal rechts nog een glimp van Jan Huyskens de cameraman, en tegen de pilaar de regisseur Laurens van Leeuwenberg. In deze clip deed de band helemaal niet mee; we hadden daar geen moeite mee, het kwam de sfeer ten goede; er werden ook oude oorlogsbeelden in vertoond. De shots die in deze ruimte gemaakt werden zagen er heel romantisch en sfeervol uit, terwijl er met weinig kunstlicht en vooral veel tegenlicht gewerkt werd; en er was geen directe controlemogelijkheid zoals tegenwoordig met video, wanta lles werd nog gefilmd met de befaamde Harryflex. Heel knap allemaal, want de cameraman en de regisseur konden pas dagen later als de film uit het lab kwam terug zien hoe de &#8220;dekking&#8221; geworden was.<\/em><\/font><\/u><\/p>\n<p><img loading=\"lazy\" decoding=\"async\" height=\"608\" alt=\"\" width=\"900\" border=\"3\" src=\"http:\/\/www.tulipphoto.pro\/journaal\/wp-content\/uploads\/2008\/11\/MViewUID212PID-1MAPID17TImageFJan_en_Annie_Marchin_On_Spaander.jpg\" \/><\/p>\n<p><font size=\"4\"><em><u>Onder: Hier dezelfde ruimte als boven maar dan van de andere kant gefotografeerd tijdens een tussentijdse werkbespreking; dat zag er allemaal een stuk minder romantisch uit. In het midden van de foto Johan Koopmans, fotograaf van de Noorhollandse Courant, helemaal links achter de grimeur Peter, daarnaast Thomas Tol en daarachter Jan Keizer. Op de rug gezien Jacques Hetsen, derde van rechts Annie, rechts daarnaast\u00a0de regisseur, en helemaal rechts zittend Jan Huyskens de cameraman. We zijn hier een hele dag bezig geweest<\/u><\/em><\/font><\/p>\n<p><img loading=\"lazy\" decoding=\"async\" height=\"604\" alt=\"\" width=\"900\" border=\"3\" src=\"http:\/\/www.tulipphoto.pro\/journaal\/wp-content\/uploads\/2008\/11\/MViewUID212PID-1MAPID17TImageFBZN_Marchin_On_totaal_werkshot.jpg\" \/><\/p>\n<p>\u00a0<\/p>\n","protected":false},"excerpt":{"rendered":"<p>Onze nicht Anna &#8211; dochter van mijn broer Cor\u00a0 &#8211; is gisteren op de verjaardag van mijn vader bevallen van een dochter. Ze heet Faya en lijkt volgens mijn &#8211; \u00a0&#8220;tegels, keukens en badkamer&#8221; &#8211;\u00a0broer op haar Opa maar dan met krullen. Gefeliciteerd Anna en Niels! Behalve\u00a0naar Pauw &#038; Witteman, Discovery HD en\u00a0NGC HD kijk [&hellip;]<\/p>\n","protected":false},"author":1,"featured_media":0,"comment_status":"open","ping_status":"open","sticky":false,"template":"","format":"standard","meta":{"footnotes":""},"categories":[2],"tags":[],"class_list":["post-5902","post","type-post","status-publish","format-standard","hentry","category-journaal"],"_links":{"self":[{"href":"http:\/\/www.tulipphoto.pro\/journaal\/wp-json\/wp\/v2\/posts\/5902","targetHints":{"allow":["GET"]}}],"collection":[{"href":"http:\/\/www.tulipphoto.pro\/journaal\/wp-json\/wp\/v2\/posts"}],"about":[{"href":"http:\/\/www.tulipphoto.pro\/journaal\/wp-json\/wp\/v2\/types\/post"}],"author":[{"embeddable":true,"href":"http:\/\/www.tulipphoto.pro\/journaal\/wp-json\/wp\/v2\/users\/1"}],"replies":[{"embeddable":true,"href":"http:\/\/www.tulipphoto.pro\/journaal\/wp-json\/wp\/v2\/comments?post=5902"}],"version-history":[{"count":1,"href":"http:\/\/www.tulipphoto.pro\/journaal\/wp-json\/wp\/v2\/posts\/5902\/revisions"}],"predecessor-version":[{"id":14091,"href":"http:\/\/www.tulipphoto.pro\/journaal\/wp-json\/wp\/v2\/posts\/5902\/revisions\/14091"}],"wp:attachment":[{"href":"http:\/\/www.tulipphoto.pro\/journaal\/wp-json\/wp\/v2\/media?parent=5902"}],"wp:term":[{"taxonomy":"category","embeddable":true,"href":"http:\/\/www.tulipphoto.pro\/journaal\/wp-json\/wp\/v2\/categories?post=5902"},{"taxonomy":"post_tag","embeddable":true,"href":"http:\/\/www.tulipphoto.pro\/journaal\/wp-json\/wp\/v2\/tags?post=5902"}],"curies":[{"name":"wp","href":"https:\/\/api.w.org\/{rel}","templated":true}]}}