{"id":5904,"date":"2008-11-19T09:01:07","date_gmt":"2008-11-19T09:01:07","guid":{"rendered":"http:\/\/www.tulipphoto.pro\/journaal\/2008\/11\/19\/nieuwe-tamara-cd-camping-de-reebok-en-statines\/"},"modified":"2014-02-21T12:08:23","modified_gmt":"2014-02-21T12:08:23","slug":"nieuwe-tamara-cd-camping-de-reebok-en-statines","status":"publish","type":"post","link":"http:\/\/www.tulipphoto.pro\/journaal\/2008\/11\/19\/nieuwe-tamara-cd-camping-de-reebok-en-statines\/","title":{"rendered":"Nieuwe Tamara CD , Camping de Reebok en Statines."},"content":{"rendered":"<p><font size=\"4\"><\/p>\n<p><font size=\"4\"><strong><u>NIEUWE DUITSE CD TAMARA<\/u><\/strong><\/font><\/p>\n<p><font size=\"4\">Net las ik de eerste Duitse recensie van het nieuwe Duitse album &#8220;Ich will leben&#8221;, van onze schoondochter Tamara; heel positief zoals onder de onderstaande foto te lezen valt. De CD komt eigenlijk\u00a0pas op 9 januari uit, maar is via de website van Tamara <a href=\"http:\/\/www.tamaratol.nl\">www.tamaratol.nl<\/a> &#8211; een hele leuke website trouwens,- al te bestellen. Ik vind hem fantastisch!<\/font><\/p>\n<p><em><u>Onder: een foto die ik een tijdje geleden\u00a0van mijn schoondochter Tamara maakte. Tamara is getrouwd met onze zoon Sander, en de\u00a0moeder van onze kleinkinderen Jan, Kees en Tim.<\/u><\/em><\/p>\n<p><img loading=\"lazy\" decoding=\"async\" height=\"600\" alt=\"\" width=\"900\" border=\"3\" src=\"http:\/\/www.tulipphoto.pro\/journaal\/wp-content\/uploads\/2008\/11\/MViewUID212PID-1MAPID17TImageFTamara_op_biljart.jpg\" \/><\/p>\n<p><em>Mit einer wundervollen und ausdrucksstarken Stimme pr\u00e4sentiert die aus dem niederl\u00e4ndischen Volendam stammende S\u00e4ngerin Tamara Tol das Album &#8220;Ich will leben&#8221;, das 15 Titel beinhaltet. Zu fast allen St\u00fccken dieses \u00fcberaus h\u00f6renswerten Werkes stammen die deutschen Texte von Tamaras Top-Titeln vom Hitschreiber Robert Jung (wie beispielsweise zu den eingehenden Songs &bdquo;Heut ist unser Tag&ldquo; und &bdquo;So viel Herzgef\u00fchl&ldquo; oder aber auch zu den Balladen &bdquo;Wei\u00dft Du noch was Liebe ist&ldquo; und &bdquo;Ich bin da&ldquo;). Ein klasse Duett mit dem belgischen Gesangskollegen Jo Vally verbirgt sich hinter &bdquo;Ich tr\u00e4um so gern in deinen Armen&ldquo;. Au\u00dferdem ist auf dieser Produktion auch Tamara Tols Dauerbrenner &bdquo;Zwei alte Freunde&ldquo; mit enthalten.<\/em><\/p>\n<p><strong><u>MET DE BZN LEDEN NAAR CAMPING DE REEBOK IN OISTERWIJK<\/u><\/strong><\/p>\n<p>Vanaf 1980, we traden toen heel veel met BZN op, besloten Mary en ik om elk jaar zomers 2 maanden lang op\u00a0camping de Reebok in Oisterwijk ons domicilie te kiezen.\u00a0We kochten daartoe een TAGO vouwwagen, een voor die tijd kostbare investering,\u00a0die in een fabriekje in Gorredijk gemaakt werd. In het Brabantse Oisterwijk zaten we\u00a0centraal in Nederland waardoor ik minder lang hoefde te reizen en niet meer hoefde te wachten totdat\u00a0de BZN touringcar na afloop van het optreden was ingeladen. Op deze manier kon ik\u00a0langer\u00a0bij onze kinderen zijn, die het verblijf in het bosrijke Oisterwijk ook fantastisch vonden. In eerste instantie vonden sommige\u00a0BZN collega&#8217;s die kampeer escapades van mij\u00a0maar niets, als het ware een inbreuk op het saamhorigheidsgevoel binnen de band, maar uiteindelijk kwamen ze\u00a0daarna schoorvoetend\u00a0allemaal met een tent of caravan naar Oisterwijk. Jan Keizer, Annie Schilder, Thomas en Cees Tol, Jack Veerman, Dick de Boer en vele\u00a0vrienden en familieleden.\u00a0We hebben er jarenlang met zijn allen veel plezier aan beleefd. Dick de Boer en Cees Tol, staan\u00a0er nu nog steeds, en Jack Veerman is er pas \u00e9\u00e9n jaar weg. Jan Keizer was de eerste die mij destijds volgde naar Oisterwijk. Het was een hele mooie tijd,\u00a0er hing een prettige sfeer en we hadden\u00a0vooral gezellig contact buiten het werk om, maar\u00a0ook onze wederzijdse kinderen konden het goed met elkaar vinden.<\/p>\n<p><em><u>Onder: V\u00f3\u00f3r onze vouwwagen op camping De Reebok in 1980 met de Keizertjes voor een BBQ aan de vouwtafel.\u00a0Op de voorgrond onze Sander en Vincent, rechts Hans en Louis Keizer , het meisje achteraan is een vriendinnetje.<\/u><\/em><\/p>\n<p><img loading=\"lazy\" decoding=\"async\" height=\"586\" alt=\"\" width=\"900\" border=\"3\" src=\"http:\/\/www.tulipphoto.pro\/journaal\/wp-content\/uploads\/2008\/11\/MViewUID212PID-1MAPID17TImageFTuip_en_Keizers_aan_tafel_op_camping.jpg\" \/><\/p>\n<p><em><u>Onder: Jack Veerman &#8211; groene trui &#8211; speelt op camping De Reebok een partijtje badminton op &#8220;het plein&#8221; tussen onze tenten, met Marie\u00a0Keizer &#8211; rode trui-\u00a0. Bij de toeschouwers Jan Keizer en mijn vrouw Mary- witte krullen-. Links en midden de tenten van de fam Tuijp en Keizer. Rechts de &#8220;woning&#8221; van Jack Veerman. We speelden heel vaak uitgebreide badmintontoernooien. Meestal ging de finale tussen Jan Keizer en mijn persoon.\u00a0<\/u><\/em><\/p>\n<p><img loading=\"lazy\" decoding=\"async\" height=\"600\" alt=\"\" width=\"900\" border=\"3\" src=\"http:\/\/www.tulipphoto.pro\/journaal\/wp-content\/uploads\/2008\/11\/MViewUID212PID-1MAPID17TImageFBZN_badminton_op_camping.jpg\" \/><\/p>\n<p><em><u>Onder: In 1980 met vrienden en BZN collega&#8217;s in onze v\u00f3\u00f3rtent. Het regende die avond , dus hadden de dames\u00a0voor de grap aluminium folie petjes gemaakt om de kapsels droog te houden\u00a0als we even buiten moesten zijn.\u00a0Links Mary, daarnaast &#8211; onzichtbaar &#8211; Nel v Jack Veerman, Tiny Pok, Jack Veerman, daarnaast Evert Corn de man van Tiny Pok &#8211; vrienden van de Veermannetjes-, Marie Keizer, Jan Keizer, Alex en Karin -vrienden van de Keizertjes.Het ging er zoals altijd heel gezellig aan toe.<\/u><\/em>\u00a0\u00a0<\/p>\n<p><img loading=\"lazy\" decoding=\"async\" height=\"608\" alt=\"\" width=\"900\" border=\"3\" src=\"http:\/\/www.tulipphoto.pro\/journaal\/wp-content\/uploads\/2008\/11\/MViewUID212PID-1MAPID17TImageFBZN_Reebok_voor_de_tent_foliemutsen.jpg\" \/><\/p>\n<p>\u00a0<\/p>\n<p><strong><u>CREDIETCRISIS &#038; STATINES<\/u><\/strong><\/p>\n<p><\/font><\/p>\n<p><font size=\"4\">De credietcrisis\u00a0haalt vrijwel\u00a0elke dag alle media. Hoe kon dit probleem ontstaan; hoe lossen we het op en hoe kunnen we het in de toekomst voorkomen,\u00a0vraagt iedereen\u00a0zich af. Minder kopen met geleend geld, beter overheidstoezicht op banken, afschaffen van exorbitante\u00a0bonussen voor bankbestuurders, en een grotere transparantie\u00a0in de financi\u00eble productvormgeving zijn veelgehoorde antwoorden. Het laatste aspect heeft m.i een hele grote rol gespeeld. Door de ondoorzichtelijkheid en complexheid van veel moderne financi\u00eble producten met exotische\u00a0namen\u00a0als\u00a0&#8220;AEX\u00a0turboversneller&#8221; en &#8220;Super Hattrick\u00a0Vermogensgroeier&#8221; werden consumenten\u00a0met loze beloftes en mooie woorden\u00a0op slinkse wijze door de verkopers gemanipuleerd om onverantwoorde risico&#8217;s en verplichtingen aan te gaan. Hieraaan moest ik sterk denken toen ik vorige week in de krant las dat uit een nieuw Amerikaans onderzoek gebleken zou zijn dat,\u00a0het gebruik van Crestor cholestorolverlagers,\u00a0de kans op hart en vaatziekten met 50 % vermindert.<\/font><\/p>\n<p><font size=\"4\">Ik vermoedde meteen al dat dit onderzoek was ge\u00efnitieerd en betaald door de pharmaceutische industrie, die jaarlijks een miljarden omzet maakt met statines- cholestorolverlagers- .\u00a0De laatste twee jaar\u00a0was het gebruik hiervan wereldwijd behoorlijk afgenomen na kritische \u00a0publikaties\u00a0over het nut en de bijwerkingen ervan.\u00a0Multinationals als als Organon en Pfizer zagen hun\u00a0grootste moneymaker en daarmee hun totale omzet in de problemen\u00a0komen; het werd tijd voor tegengas, vandaar de publikatie.<\/font><\/p>\n<p><font size=\"4\">Een onderzoekje van Telegraafmedewerker\u00a0huisarts Hans van der Linde bracht zoals ik dus reeds vermoedde aan het licht dat het voornoemde\u00a0Crestor onderzoek was betaald en gepubliceerd door AstraZeneca, de producent van Crestor.\u00a0De bellen gaan al rinkelen. Maar dan de clou, en die is eigenlijk even lullig als onthutsend; met de cijfers werd ook nog eens gegoocheld! Uit de cijfers van het bewuste onderzoek blijkt dat 1,5 % van\u00a09000 proefpersonen die g\u00e9\u00e9n Crestor slikten een beroerte of hartaanval kregen , en dat dit percentage bij w\u00e9l slikken door een groep van 9000 proefpersonen daalde naar 0,75 % In feite een halvering, vandaar die 50 %\u00a0in\u00a0de publikatie van\u00a0de producent. Het betreft hier echter een halvering van een z\u00e9\u00e9r gering risico. Eigenlijk zet dit geen echte zoden aan de dijk, aldus vd Linde. Wiskundig is\u00a0namelijk sprake van een\u00a0daling van 0,75 %,\u00a0want z\u00f3nder Crestor\u00a0loopt 98,5 % en m\u00e9t Crestor 99,25 %\u00a0 <strong>G\u00c9\u00c9N<\/strong> kans\u00a0op hart en vaatziekten. Dat klinkt wel even anders. Over manipulatie gesproken.\u00a0<\/font><\/p>\n<p>\u00a0<\/p>\n<p><font size=\"4\"><em><\/em><\/font><\/p>\n<p><font size=\"4\"><em>\u00a0\u00a0\u00a0\u00a0\u00a0\u00a0<\/em><\/font><\/p>\n","protected":false},"excerpt":{"rendered":"<p>NIEUWE DUITSE CD TAMARA Net las ik de eerste Duitse recensie van het nieuwe Duitse album &#8220;Ich will leben&#8221;, van onze schoondochter Tamara; heel positief zoals onder de onderstaande foto te lezen valt. De CD komt eigenlijk\u00a0pas op 9 januari uit, maar is via de website van Tamara www.tamaratol.nl &#8211; een hele leuke website trouwens,- [&hellip;]<\/p>\n","protected":false},"author":1,"featured_media":0,"comment_status":"open","ping_status":"open","sticky":false,"template":"","format":"standard","meta":{"footnotes":""},"categories":[2],"tags":[],"class_list":["post-5904","post","type-post","status-publish","format-standard","hentry","category-journaal"],"_links":{"self":[{"href":"http:\/\/www.tulipphoto.pro\/journaal\/wp-json\/wp\/v2\/posts\/5904","targetHints":{"allow":["GET"]}}],"collection":[{"href":"http:\/\/www.tulipphoto.pro\/journaal\/wp-json\/wp\/v2\/posts"}],"about":[{"href":"http:\/\/www.tulipphoto.pro\/journaal\/wp-json\/wp\/v2\/types\/post"}],"author":[{"embeddable":true,"href":"http:\/\/www.tulipphoto.pro\/journaal\/wp-json\/wp\/v2\/users\/1"}],"replies":[{"embeddable":true,"href":"http:\/\/www.tulipphoto.pro\/journaal\/wp-json\/wp\/v2\/comments?post=5904"}],"version-history":[{"count":1,"href":"http:\/\/www.tulipphoto.pro\/journaal\/wp-json\/wp\/v2\/posts\/5904\/revisions"}],"predecessor-version":[{"id":14101,"href":"http:\/\/www.tulipphoto.pro\/journaal\/wp-json\/wp\/v2\/posts\/5904\/revisions\/14101"}],"wp:attachment":[{"href":"http:\/\/www.tulipphoto.pro\/journaal\/wp-json\/wp\/v2\/media?parent=5904"}],"wp:term":[{"taxonomy":"category","embeddable":true,"href":"http:\/\/www.tulipphoto.pro\/journaal\/wp-json\/wp\/v2\/categories?post=5904"},{"taxonomy":"post_tag","embeddable":true,"href":"http:\/\/www.tulipphoto.pro\/journaal\/wp-json\/wp\/v2\/tags?post=5904"}],"curies":[{"name":"wp","href":"https:\/\/api.w.org\/{rel}","templated":true}]}}